{"id":450,"date":"2025-07-11T18:38:54","date_gmt":"2025-07-11T18:38:54","guid":{"rendered":"https:\/\/plasticrio.com\/?p=450"},"modified":"2025-07-30T20:48:05","modified_gmt":"2025-07-30T20:48:05","slug":"implante-de-panturrilha-no-rio-de-janeiro","status":"publish","type":"post","link":"https:\/\/plasticrio.com\/en_us\/implante-de-panturrilha-no-rio-de-janeiro\/","title":{"rendered":"Calf Implant in Rio de Janeiro"},"content":{"rendered":"<p>Existem basicamente duas indica\u00e7\u00f5es para&nbsp;<strong>cirurgias pl\u00e1sticas de Implantes de Panturrilha<\/strong>: por motivos est\u00e9ticos em pessoas que querem &nbsp;ganhar um volume maior em pernas ou a corre\u00e7\u00e3o de uma eventual atrofia muscular decorrente de doen\u00e7a neurol\u00f3gica ou muscular.<\/p>\n\n\n\n<figure class=\"wp-block-image size-full\"><img decoding=\"async\" src=\"https:\/\/plasticrio.com\/wp-content\/uploads\/2024\/02\/protese-de-panturrilha-antes-e-depois-768x384-1.webp\" alt=\"\" class=\"wp-image-523\"\/><\/figure>\n\n\n\n<p>Tais pacientes procuram uma simetriza\u00e7\u00e3o com o lado n\u00e3o acometido e geralmente solicitam um s\u00f3 implante de panturrilha, unilateral.<\/p>\n\n\n\n<p>J\u00e1 os pacientes com motivos est\u00e9ticos buscam a coloca\u00e7\u00e3o bilateral dos implantes. Estes s\u00e3o preenchidos de silicone em gel, \u00e0 semelhan\u00e7a das pr\u00f3teses de seios, por\u00e9m possuem volumes menores, superf\u00edcie lisa e coesividade diferenciada obedecendo \u00e0 dureza que se espera nesta regi\u00e3o (diferente dos seios).<\/p>\n\n\n\n<h2 class=\"wp-block-heading\"><strong>COMO A CIRURGIA DE PR\u00d3TESE DE PANTURRILHA \u00c9 FEITA?<\/strong><\/h2>\n\n\n\n<p>A incis\u00e3o para a coloca\u00e7\u00e3o da pr\u00f3tese \u00e9 atr\u00e1s do joelho e torna-se&nbsp;<strong>bastante impercept\u00edvel com o passar dos meses<\/strong>. \u00c9 importante frisar que \u00e9 fundamental o afastamento das atividades f\u00edsicas por pelo menos um m\u00eas ap\u00f3s a coloca\u00e7\u00e3o dos implantes na panturrilha via cirurgia pl\u00e1stica.<\/p>\n\n\n\n<p>Os volumes do silicone nestes caso variam de 100 ml a 180ml e s\u00e3o anat\u00f4micos, ou seja, s\u00e3o mais espessos na parte superior da panturrilha, imitando assim a anatomia do m\u00fasculo gastrocn\u00eamio. Este parecer\u00e1 mais grosso, mais espesso na parte superior, afilando aos poucos a medida que desce para o tornozelo.<\/p>\n\n\n\n<h2 class=\"wp-block-heading\"><strong>V\u00cdDEO SOBRE IMPLANTE DE SILICONE PARA PERNAS<\/strong><\/h2>\n\n\n\n<figure class=\"wp-block-embed is-type-video is-provider-youtube wp-block-embed-youtube wp-embed-aspect-4-3 wp-has-aspect-ratio\"><div class=\"wp-block-embed__wrapper\">\n<iframe title=\"Pr\u00f3tese de Panturrilha no Rio de Janeiro\" width=\"800\" height=\"600\" src=\"https:\/\/www.youtube.com\/embed\/Y1thsVj3_Tw?feature=oembed\" frameborder=\"0\" allow=\"accelerometer; autoplay; clipboard-write; encrypted-media; gyroscope; picture-in-picture; web-share\" referrerpolicy=\"strict-origin-when-cross-origin\" allowfullscreen><\/iframe>\n<\/div><\/figure>\n\n\n\n<h2 class=\"wp-block-heading\"><strong>RESULTADOS DA CIRURGIA PARA AUMENTO DA PANTURRILHA<\/strong><\/h2>\n\n\n\n<p>O resultado visual e est\u00e9tico \u00e9 imediato, com aumento not\u00e1vel desta regi\u00e3o. O ideal \u00e9 um afastamento tempor\u00e1rio do trabalho (f\u00e9rias ou licen\u00e7a) por 10 dias. O edema pode demorar algumas semanas para regredir e \u00e9 necess\u00e1rio proteger-se do sol para evitar cicatrizes, mesmo que bem escondidas atr\u00e1s do joelho.<\/p>\n\n\n\n<h2 class=\"wp-block-heading\"><strong>Cl\u00ednicas de cirurgia pl\u00e1stica Rio de Janeiro \u2013 RJ<\/strong><\/h2>\n\n\n\n<p>Entre em contato conosco e saiba mais sobre nossa estrutura para realiza\u00e7\u00e3o de cirurgias pl\u00e1sticas no Rio de Janeiro (RJ). O Dr. Alexandre Char\u00e3o atende pacientes de diferentes faixas et\u00e1rias e para ambos os sexos.<\/p>\n\n\n\n<p>Esse procedimento visa melhorar a qualidade de vida tanto est\u00e9tica quanto funcional do paciente, possibilitando aumento da autoestima e maior satisfa\u00e7\u00e3o com seu corpo.<\/p>\n\n\n\n<figure class=\"wp-block-image size-full\"><a href=\"https:\/\/api.whatsapp.com\/send?phone=5521968434597&amp;text=Ol%C3%A1%20Dr.%20Alexandre\" target=\"_blank\" rel=\"noreferrer noopener\"><img decoding=\"async\" src=\"https:\/\/plasticrio.com\/wp-content\/uploads\/2024\/02\/agendar-consulta.webp\" alt=\"\" class=\"wp-image-381\"\/><\/a><\/figure>\n\n\n\n<p><strong>Dr. Alexandre Char\u00e3o atende na cidade do Rio de Janeiro e Petr\u00f3polis.<\/strong><br>Para maiores informa\u00e7\u00f5es,&nbsp;<a href=\"https:\/\/api.whatsapp.com\/send?phone=5521968434597&amp;text=Ol%C3%A1%20Dr.%20Alexandre\"><strong>entre em contato.<\/strong><\/a><\/p>","protected":false},"excerpt":{"rendered":"<p>Existem basicamente duas indica\u00e7\u00f5es para&nbsp;cirurgias pl\u00e1sticas de Implantes de Panturrilha: por motivos est\u00e9ticos em pessoas que querem &nbsp;ganhar um volume maior em pernas ou a corre\u00e7\u00e3o de uma eventual atrofia muscular decorrente de doen\u00e7a neurol\u00f3gica ou muscular. Tais pacientes procuram uma simetriza\u00e7\u00e3o com o lado n\u00e3o acometido e geralmente solicitam um s\u00f3 implante de panturrilha, [&hellip;]<\/p>\n","protected":false},"author":3,"featured_media":0,"comment_status":"open","ping_status":"open","sticky":false,"template":"","format":"standard","meta":{"footnotes":""},"categories":[1],"tags":[],"class_list":["post-450","post","type-post","status-publish","format-standard","hentry","category-uncategorized"],"_links":{"self":[{"href":"https:\/\/plasticrio.com\/en_us\/wp-json\/wp\/v2\/posts\/450","targetHints":{"allow":["GET"]}}],"collection":[{"href":"https:\/\/plasticrio.com\/en_us\/wp-json\/wp\/v2\/posts"}],"about":[{"href":"https:\/\/plasticrio.com\/en_us\/wp-json\/wp\/v2\/types\/post"}],"author":[{"embeddable":true,"href":"https:\/\/plasticrio.com\/en_us\/wp-json\/wp\/v2\/users\/3"}],"replies":[{"embeddable":true,"href":"https:\/\/plasticrio.com\/en_us\/wp-json\/wp\/v2\/comments?post=450"}],"version-history":[{"count":1,"href":"https:\/\/plasticrio.com\/en_us\/wp-json\/wp\/v2\/posts\/450\/revisions"}],"predecessor-version":[{"id":451,"href":"https:\/\/plasticrio.com\/en_us\/wp-json\/wp\/v2\/posts\/450\/revisions\/451"}],"wp:attachment":[{"href":"https:\/\/plasticrio.com\/en_us\/wp-json\/wp\/v2\/media?parent=450"}],"wp:term":[{"taxonomy":"category","embeddable":true,"href":"https:\/\/plasticrio.com\/en_us\/wp-json\/wp\/v2\/categories?post=450"},{"taxonomy":"post_tag","embeddable":true,"href":"https:\/\/plasticrio.com\/en_us\/wp-json\/wp\/v2\/tags?post=450"}],"curies":[{"name":"wp","href":"https:\/\/api.w.org\/{rel}","templated":true}]}}