{"id":448,"date":"2025-07-11T18:38:17","date_gmt":"2025-07-11T18:38:17","guid":{"rendered":"https:\/\/plasticrio.com\/?p=448"},"modified":"2025-07-30T20:48:10","modified_gmt":"2025-07-30T20:48:10","slug":"lifting-das-pernas-no-rio-de-janeiro","status":"publish","type":"post","link":"https:\/\/plasticrio.com\/en_us\/lifting-das-pernas-no-rio-de-janeiro\/","title":{"rendered":"Leg Lifts in Rio de Janeiro"},"content":{"rendered":"<p>A&nbsp;<strong>Dermolipectomia \u00e9 a cirurgia pl\u00e1stica de coxas<\/strong>&nbsp;que visa retirar o excesso de pele e gordura, proporcionando um contorno de coxas mais natural e menos fl\u00e1cido.<\/p>\n\n\n\n<p>Quando h\u00e1 um grande emagrecimento \u00e9 comum ocorrer uma flacidez da por\u00e7\u00e3o interna das coxas, tendo em vista que a pele dessa regi\u00e3o \u00e9 muito fina e n\u00e3o contrai o suficiente ap\u00f3s a perda de peso.<\/p>\n\n\n\n<figure class=\"wp-block-image size-full\"><img decoding=\"async\" src=\"https:\/\/plasticrio.com\/wp-content\/uploads\/2024\/02\/lifiting-coxas-antes-e-depois-768x384-1.webp\" alt=\"\" class=\"wp-image-519\"\/><\/figure>\n\n\n\n<p>Para reduzir o tamanho da cicatriz, o Dr. Alexandre indica o uso da&nbsp;Lipo LASER, que retrai mais o col\u00e1geno.<\/p>\n\n\n\n<h2 class=\"wp-block-heading\">Resultados do lifting de coxa<\/h2>\n\n\n\n<h3 class=\"wp-block-heading\">O resultado da dermolipectomia ser\u00e1 visto ap\u00f3s 6 meses da cirurgia pl\u00e1stica, per\u00edodo que ocorre a acomoda\u00e7\u00e3o dos tecidos e amadurecimento da cicatriz.<\/h3>\n\n\n\n<h2 class=\"wp-block-heading\">Anestesia usada:<\/h2>\n\n\n\n<p>Peridural, raramente Geral.<\/p>\n\n\n\n<h2 class=\"wp-block-heading\">Tempo de interna\u00e7\u00e3o:<\/h2>\n\n\n\n<p>Tempo de interna\u00e7\u00e3o \u00e9 de 1 dia (24 horas)<\/p>\n\n\n\n<h2 class=\"wp-block-heading\">Complica\u00e7\u00f5es da cirurgia pl\u00e1stica de pernas:<\/h2>\n\n\n\n<p>S\u00e3o raras as complica\u00e7\u00f5es na cirurgia pl\u00e1stica de dermolipectomia de coxas, mas as mais comuns s\u00e3o:<\/p>\n\n\n\n<ol class=\"wp-block-list\">\n<li>Hematoma<\/li>\n\n\n\n<li>Seroma<\/li>\n\n\n\n<li>Infec\u00e7\u00e3o<\/li>\n\n\n\n<li>Quel\u00f3ide<\/li>\n\n\n\n<li>Trombose<\/li>\n\n\n\n<li>Problemas com a anestesia.<\/li>\n<\/ol>\n\n\n\n<p>Essas s\u00e3o complica\u00e7\u00f5es mais freq\u00fcentes em pacientes fumantes, por isso \u00e9 necess\u00e1rio parar pelo menos um m\u00eas antes da cirurgia pl\u00e1stica de pernas.<\/p>\n\n\n\n<h2 class=\"wp-block-heading\">Cuidados para o seu p\u00f3s-operat\u00f3rio<\/h2>\n\n\n\n<figure class=\"wp-block-image size-full\"><img decoding=\"async\" src=\"https:\/\/plasticrio.com\/wp-content\/uploads\/2024\/02\/lifting-de-pernas-no-rio-de-janeiro.webp\" alt=\"\" class=\"wp-image-520\"\/><\/figure>\n\n\n\n<p>O paciente deve evitar fazer muitos movimentos, principalmente abrir as pernas, ficar de p\u00e9 e andar.<\/p>\n\n\n\n<p>Como a cicatriz se localiza bem perto da virilha, com excesso de agita\u00e7\u00e3o, acaba sendo for\u00e7ada.<\/p>\n\n\n\n<p>Quanto menos movimentos sobre a cicatriz, menor ser\u00e1 o seu alargamento.<\/p>\n\n\n\n<h2 class=\"wp-block-heading\">Fotos antes e depois de Lifting Crural (pernas)<\/h2>\n\n\n\n<p>Sobre a&nbsp;<strong>cirurgia pl\u00e1stica de Lifting das Pernas<\/strong>, ser\u00e3o disponibilizadas v\u00e1rias fotos de antes e depois na consulta inicial com o&nbsp;Dr. Alexandre Char\u00e3o, para que a paciente possa avaliar a qualidade dos resultados.<\/p>\n\n\n\n<h2 class=\"wp-block-heading\">Quanto custa a corre\u00e7\u00e3o de flacidez de pernas?<\/h2>\n\n\n\n<p>Quanto aos pre\u00e7os e valores da cirurgia de Dermolipectomia de Coxas (retirada de pele e gordura), o CRM pro\u00edbe a publica\u00e7\u00e3o on-line.<\/p>\n\n\n\n<p>Devido \u00e0 esta restri\u00e7\u00e3o, o custo exato da cirurgia ser\u00e1 informado pelo Dr. Alexandre Char\u00e3o somente na consulta inicial que acontecer\u00e1 em sua&nbsp;<strong>cl\u00ednica de cirurgia pl\u00e1stica no Rio de Janeiro<\/strong>.<\/p>\n\n\n\n<p>Esta consulta geralmente dura 1 hora e a cirurgia pode ser parcelada, outro quesito tamb\u00e9m conversado no consult\u00f3rio do Dr. Alexandre Char\u00e3o.<\/p>\n\n\n\n<h2 class=\"wp-block-heading\"><strong>Cl\u00ednicas de cirurgia pl\u00e1stica Rio de Janeiro \u2013 RJ<\/strong><\/h2>\n\n\n\n<p>Com sede para realiza\u00e7\u00e3o de cirurgia pl\u00e1stica no Rio de Janeiro (RJ), o Dr. Alexandre Char\u00e3o atende pacientes de diferentes faixas et\u00e1rias, entre homens e mulheres, visando melhorar a qualidade de vida tanto est\u00e9tica quanto funcional \u00e0s pessoas, atendendo de maneira humanizada e atenciosa.<\/p>\n\n\n\n<figure class=\"wp-block-image size-full\"><a href=\"https:\/\/api.whatsapp.com\/send?phone=5521968434597&amp;text=Ol%C3%A1%20Dr.%20Alexandre\" target=\"_blank\" rel=\"noreferrer noopener\"><img decoding=\"async\" src=\"https:\/\/plasticrio.com\/wp-content\/uploads\/2024\/02\/agendar-consulta.webp\" alt=\"\" class=\"wp-image-381\"\/><\/a><\/figure>\n\n\n\n<p><strong>Dr. Alexandre Char\u00e3o atende na cidade do Rio de Janeiro e Petr\u00f3polis.<\/strong><br>Para maiores informa\u00e7\u00f5es,&nbsp;<a href=\"https:\/\/api.whatsapp.com\/send?phone=5521968434597&amp;text=Ol%C3%A1%20Dr.%20Alexandre\"><strong>entre em contato.<\/strong><\/a><\/p>","protected":false},"excerpt":{"rendered":"<p>A&nbsp;Dermolipectomia \u00e9 a cirurgia pl\u00e1stica de coxas&nbsp;que visa retirar o excesso de pele e gordura, proporcionando um contorno de coxas mais natural e menos fl\u00e1cido. Quando h\u00e1 um grande emagrecimento \u00e9 comum ocorrer uma flacidez da por\u00e7\u00e3o interna das coxas, tendo em vista que a pele dessa regi\u00e3o \u00e9 muito fina e n\u00e3o contrai o [&hellip;]<\/p>\n","protected":false},"author":3,"featured_media":0,"comment_status":"open","ping_status":"open","sticky":false,"template":"","format":"standard","meta":{"footnotes":""},"categories":[1],"tags":[],"class_list":["post-448","post","type-post","status-publish","format-standard","hentry","category-uncategorized"],"_links":{"self":[{"href":"https:\/\/plasticrio.com\/en_us\/wp-json\/wp\/v2\/posts\/448","targetHints":{"allow":["GET"]}}],"collection":[{"href":"https:\/\/plasticrio.com\/en_us\/wp-json\/wp\/v2\/posts"}],"about":[{"href":"https:\/\/plasticrio.com\/en_us\/wp-json\/wp\/v2\/types\/post"}],"author":[{"embeddable":true,"href":"https:\/\/plasticrio.com\/en_us\/wp-json\/wp\/v2\/users\/3"}],"replies":[{"embeddable":true,"href":"https:\/\/plasticrio.com\/en_us\/wp-json\/wp\/v2\/comments?post=448"}],"version-history":[{"count":1,"href":"https:\/\/plasticrio.com\/en_us\/wp-json\/wp\/v2\/posts\/448\/revisions"}],"predecessor-version":[{"id":449,"href":"https:\/\/plasticrio.com\/en_us\/wp-json\/wp\/v2\/posts\/448\/revisions\/449"}],"wp:attachment":[{"href":"https:\/\/plasticrio.com\/en_us\/wp-json\/wp\/v2\/media?parent=448"}],"wp:term":[{"taxonomy":"category","embeddable":true,"href":"https:\/\/plasticrio.com\/en_us\/wp-json\/wp\/v2\/categories?post=448"},{"taxonomy":"post_tag","embeddable":true,"href":"https:\/\/plasticrio.com\/en_us\/wp-json\/wp\/v2\/tags?post=448"}],"curies":[{"name":"wp","href":"https:\/\/api.w.org\/{rel}","templated":true}]}}