{"id":438,"date":"2025-07-11T18:33:36","date_gmt":"2025-07-11T18:33:36","guid":{"rendered":"https:\/\/plasticrio.com\/?p=438"},"modified":"2025-07-30T20:48:43","modified_gmt":"2025-07-30T20:48:43","slug":"harmonizacao-facial-no-rio-de-janeiro","status":"publish","type":"post","link":"https:\/\/plasticrio.com\/en_us\/harmonizacao-facial-no-rio-de-janeiro\/","title":{"rendered":"Facial Harmonization in Rio de Janeiro"},"content":{"rendered":"<p>A harmoniza\u00e7\u00e3o facial \u00e9 um dos procedimentos mais requisitados no meio est\u00e9tico, n\u00e3o \u00e9 definido ou baseado apenas em um recurso espec\u00edfico, portanto considerado um conjunto de t\u00e9cnicas com objetivo de alcan\u00e7ar a harmonia entre regi\u00f5es do rosto como, por exemplo, boca, dentes, testa, bochechas e demais \u00e1reas faciais<\/p>\n\n\n\n<p>A harmoniza\u00e7\u00e3o facial n\u00e3o pode ser definida em somente um procedimento, afinal, o termo \u00e9 designado para um conjunto de t\u00e9cnicas est\u00e9ticas que busca encontrar uma harmonia entre o rosto, boca e dentes de uma maneira geral.<\/p>\n\n\n\n<p>Por englobar a\u00e7\u00f5es ben\u00e9ficas e de cuidado com o sorriso, muitas pessoas consideram essa somat\u00f3ria de interven\u00e7\u00f5es est\u00e9ticas como harmoniza\u00e7\u00e3o orofacial.<\/p>\n\n\n\n<p>Sendo assim, a harmoniza\u00e7\u00e3o abrange diversos tipos de metodologias e aplica\u00e7\u00f5es poss\u00edveis para m\u00fasculos e express\u00f5es faciais, al\u00e9m marcas de express\u00e3o, assim como intervir em bochechas, testa, nariz, queixo, l\u00e1bios e gengiva, por exemplo.<\/p>\n\n\n\n<h2 class=\"wp-block-heading\">Quais s\u00e3o os principais procedimentos de uma harmoniza\u00e7\u00e3o facial?<\/h2>\n\n\n\n<p>Contudo, existem diferentes m\u00e9todos e com isso uma extensa lista com possibilidades para melhorias faciais e elimina\u00e7\u00e3o de inc\u00f4modos est\u00e9ticos e at\u00e9 mesmo condi\u00e7\u00f5es cl\u00ednicas. Entenda dois dos principais:<\/p>\n\n\n\n<h3 class=\"wp-block-heading\">Toxina Botul\u00ednica<\/h3>\n\n\n\n<p>Com seu in\u00edcio nos dentes e cm dire\u00e7\u00e3o ao restante do rosto a toxina botul\u00ednica \u00e9 aplicada e impacta diversas \u00e1reas da face, paralisando a musculatura dos pontos desejados. Sua aplica\u00e7\u00e3o faz com que as marcas de express\u00e3o fiquem bem mais suaves, harmonizando e dando um aspecto mais jovial a cliente<\/p>\n\n\n\n<p>As regi\u00f5es onde o botox \u00e9 utilizado s\u00e3o: testa, glabela (espa\u00e7o entre as sobrancelhas) e usada tamb\u00e9m para diminuir \u201cp\u00e9s de galinha\u201d, bigode chin\u00eas, entre outros.<\/p>\n\n\n\n<h3 class=\"wp-block-heading\">Peelings<\/h3>\n\n\n\n<p>Dividido em alguns subtipos o peeling facial pode ser realizado por meio de alguns \u00e1cidos, sendo esses: T<strong>ricloroac\u00e9tico, Salic\u00edlico, Glic\u00f3lico e Retin\u00f3ico. Todos dispon\u00edveis e atuantes como<\/strong>&nbsp;procedimentos complementares de harmoniza\u00e7\u00e3o facial, sendo, portanto importantes mecanismos de hidrata\u00e7\u00e3o da pele.<\/p>\n\n\n\n<h2 class=\"wp-block-heading\">Dura\u00e7\u00e3o do&nbsp;<strong>tratamento<\/strong><\/h2>\n\n\n\n<p>Em geral, a harmoniza\u00e7\u00e3o facial \u00e9 feita em uma \u00fanica sess\u00e3o, momento em que as t\u00e9cnicas s\u00e3o empregadas durante cerca de 30 minutos, entretanto, esse tempo pode variar conforme o caso.<\/p>\n\n\n\n<h2 class=\"wp-block-heading\">Cuidados posteriores<\/h2>\n\n\n\n<p>Tanto para a recupera\u00e7\u00e3o quanto o pr\u00f3prio per\u00edodo de realiza\u00e7\u00e3o, em consult\u00f3rio, da harmoniza\u00e7\u00e3o facial, ambas tem respostas diferentes, pois cada paciente responde de modo particular ao tratamento, em consequ\u00eancia os resultados aparecem progressivamente para cada pessoa.<\/p>\n\n\n\n<p>Alguns clientes podem ficar com pequenos hematomas, se for esse o caso, \u00e9 aconselh\u00e1vel n\u00e3o deitar sob a regi\u00e3o, n\u00e3o baixar a cabe\u00e7a bruscamente ou at\u00e9 mesmo massagear o rosto.&nbsp; Viajar de avi\u00e3o nas 4 horas seguintes tamb\u00e9m n\u00e3o \u00e9 uma atitude recomendada, al\u00e9m da pr\u00e1tica de atividade f\u00edsica estar liberada apenas 48 horas depois da realiza\u00e7\u00e3o da harmoniza\u00e7\u00e3o facial.<\/p>\n\n\n\n<figure class=\"wp-block-image size-full\"><a href=\"https:\/\/api.whatsapp.com\/send?phone=5521968434597&amp;text=Ol%C3%A1%20Dr.%20Alexandre\" target=\"_blank\" rel=\"noreferrer noopener\"><img decoding=\"async\" src=\"https:\/\/plasticrio.com\/wp-content\/uploads\/2024\/02\/agendar-consulta.webp\" alt=\"\" class=\"wp-image-381\"\/><\/a><\/figure>\n\n\n\n<p><strong>Dr. Alexandre Char\u00e3o atende na cidade do Rio de Janeiro e Petr\u00f3polis.<\/strong><br>Para maiores informa\u00e7\u00f5es,&nbsp;<a href=\"https:\/\/api.whatsapp.com\/send?phone=5521968434597&amp;text=Ol%C3%A1%20Dr.%20Alexandre\"><strong>entre em contato.<\/strong><\/a><\/p>","protected":false},"excerpt":{"rendered":"<p>A harmoniza\u00e7\u00e3o facial \u00e9 um dos procedimentos mais requisitados no meio est\u00e9tico, n\u00e3o \u00e9 definido ou baseado apenas em um recurso espec\u00edfico, portanto considerado um conjunto de t\u00e9cnicas com objetivo de alcan\u00e7ar a harmonia entre regi\u00f5es do rosto como, por exemplo, boca, dentes, testa, bochechas e demais \u00e1reas faciais A harmoniza\u00e7\u00e3o facial n\u00e3o pode ser [&hellip;]<\/p>\n","protected":false},"author":3,"featured_media":0,"comment_status":"open","ping_status":"open","sticky":false,"template":"","format":"standard","meta":{"footnotes":""},"categories":[1],"tags":[],"class_list":["post-438","post","type-post","status-publish","format-standard","hentry","category-uncategorized"],"_links":{"self":[{"href":"https:\/\/plasticrio.com\/en_us\/wp-json\/wp\/v2\/posts\/438","targetHints":{"allow":["GET"]}}],"collection":[{"href":"https:\/\/plasticrio.com\/en_us\/wp-json\/wp\/v2\/posts"}],"about":[{"href":"https:\/\/plasticrio.com\/en_us\/wp-json\/wp\/v2\/types\/post"}],"author":[{"embeddable":true,"href":"https:\/\/plasticrio.com\/en_us\/wp-json\/wp\/v2\/users\/3"}],"replies":[{"embeddable":true,"href":"https:\/\/plasticrio.com\/en_us\/wp-json\/wp\/v2\/comments?post=438"}],"version-history":[{"count":1,"href":"https:\/\/plasticrio.com\/en_us\/wp-json\/wp\/v2\/posts\/438\/revisions"}],"predecessor-version":[{"id":439,"href":"https:\/\/plasticrio.com\/en_us\/wp-json\/wp\/v2\/posts\/438\/revisions\/439"}],"wp:attachment":[{"href":"https:\/\/plasticrio.com\/en_us\/wp-json\/wp\/v2\/media?parent=438"}],"wp:term":[{"taxonomy":"category","embeddable":true,"href":"https:\/\/plasticrio.com\/en_us\/wp-json\/wp\/v2\/categories?post=438"},{"taxonomy":"post_tag","embeddable":true,"href":"https:\/\/plasticrio.com\/en_us\/wp-json\/wp\/v2\/tags?post=438"}],"curies":[{"name":"wp","href":"https:\/\/api.w.org\/{rel}","templated":true}]}}