{"id":436,"date":"2025-07-11T18:33:02","date_gmt":"2025-07-11T18:33:02","guid":{"rendered":"https:\/\/plasticrio.com\/?p=436"},"modified":"2025-07-30T20:48:47","modified_gmt":"2025-07-30T20:48:47","slug":"lifting-e-mini-lifting-facial-no-rio-de-janeiro","status":"publish","type":"post","link":"https:\/\/plasticrio.com\/en_us\/lifting-e-mini-lifting-facial-no-rio-de-janeiro\/","title":{"rendered":"Lifting e Mini-lifting Facial no Rio de Janeiro"},"content":{"rendered":"<p>O&nbsp;<strong>lifting facial<\/strong>, tamb\u00e9m chamado de&nbsp;<strong>ritidoplastia<\/strong>, \u00e9 uma das formas de combater a flacidez, rugas e sulcos, dando assim uma apar\u00eancia mais jovem e suavizando os efeitos do envelhecimento&nbsp;sobre a pele.<\/p>\n\n\n\n<p>Os resultados s\u00e3o muito recompensadores pois retiram excessos e reposicionam tecidos, devolvendo assim o brilho e a elasticidade naturais da pele. Tais resultados n\u00e3o s\u00e3o obtidos com a aplica\u00e7\u00e3o superficial de cremes e outros produtos.<\/p>\n\n\n\n<figure class=\"wp-block-image size-full\"><img decoding=\"async\" src=\"https:\/\/plasticrio.com\/wp-content\/uploads\/2024\/02\/lifting-facial-antes-e-depois-768x384-1.webp\" alt=\"\" class=\"wp-image-499\"\/><\/figure>\n\n\n\n<h2 class=\"wp-block-heading\">Porque devo fazer uma cirurgia de lifting ou mini-lifting facial?<\/h2>\n\n\n\n<p>A justificativa \u00e9 que com o&nbsp;<strong>passar do anos e exposi\u00e7\u00e3o solar<\/strong>, a pele sofre um processo natural de envelhecimento caracterizado pelo&nbsp;<strong>aumento da flacidez<\/strong>, aparecimento de&nbsp;<strong>rugas de express\u00e3o<\/strong>&nbsp;e&nbsp;<strong>diminui\u00e7\u00e3o da elasticidade<\/strong>.<\/p>\n\n\n\n<p>Visualmente falando, estes efeitos&nbsp;se traduzem esteticamente numa apar\u00eancia cansada, com ac\u00famulo de pele, gordura e l\u00edquido em lugares indesejados como&nbsp;papada, olheiras, bigode chin\u00eas.<\/p>\n\n\n\n<p>Freq\u00fcentemente o pesco\u00e7o tamb\u00e9m \u00e9 atingido por estas altera\u00e7\u00f5es, pois a flacidez do m\u00fasculo platisma leva a uma perda de defini\u00e7\u00e3o na transi\u00e7\u00e3o do pesco\u00e7o para a face (\u00e2ngulo cervico-facial).<\/p>\n\n\n\n<h2 class=\"wp-block-heading\">V\u00eddeo contendo dicas sobre o Lifting Facial<\/h2>\n\n\n\n<figure class=\"wp-block-embed is-type-video is-provider-youtube wp-block-embed-youtube wp-embed-aspect-4-3 wp-has-aspect-ratio\"><div class=\"wp-block-embed__wrapper\">\n<iframe title=\"Blefaroplastia B. Cambori\u00fa\" width=\"800\" height=\"600\" src=\"https:\/\/www.youtube.com\/embed\/XGOWn0sNyXA?feature=oembed\" frameborder=\"0\" allow=\"accelerometer; autoplay; clipboard-write; encrypted-media; gyroscope; picture-in-picture; web-share\" referrerpolicy=\"strict-origin-when-cross-origin\" allowfullscreen><\/iframe>\n<\/div><\/figure>\n\n\n\n<h2 class=\"wp-block-heading\">V\u00eddeo contendo dicas sobre o Lifting Frontal<\/h2>\n\n\n\n<figure class=\"wp-block-embed is-type-video is-provider-youtube wp-block-embed-youtube wp-embed-aspect-4-3 wp-has-aspect-ratio\"><div class=\"wp-block-embed__wrapper\">\n<iframe title=\"Lifting Frontal - Cirurgia de Rejuvenescimento Fascial Rio de Janeiro\" width=\"800\" height=\"600\" src=\"https:\/\/www.youtube.com\/embed\/ZlMDBYu-nHI?feature=oembed\" frameborder=\"0\" allow=\"accelerometer; autoplay; clipboard-write; encrypted-media; gyroscope; picture-in-picture; web-share\" referrerpolicy=\"strict-origin-when-cross-origin\" allowfullscreen><\/iframe>\n<\/div><\/figure>\n\n\n\n<h2 class=\"wp-block-heading\">Detalhes sobre a cirurgia pl\u00e1stica de Lifting<\/h2>\n\n\n\n<p>O&nbsp;<strong>lifting facial<\/strong>, tamb\u00e9m chamado de&nbsp;<strong>ritidoplastia<\/strong>, \u00e9 uma das formas de combater a flacidez, rugas e sulcos, dando assim uma apar\u00eancia mais jovem e suavizando os efeitos do tempo sobre a pele. Em outras palavras, pretende devolver a beleza perdida com o tempo.<\/p>\n\n\n\n<p>As t\u00e9cnicas modernas de Cirurgia Pl\u00e1stica garantem um aspecto natural e harm\u00f4nico, bem diferente das t\u00e9cnicas empregadas no passado que criavam um rosto artificial, com pele e sobrancelhas repuxadas.<\/p>\n\n\n\n<p>\u00c9 comum a pr\u00e1tica da&nbsp;blefaroplastia (pl\u00e1stica para p\u00e1lpebras)&nbsp;associada \u00e0&nbsp;<strong>ritidoplastia<\/strong>, quando a regi\u00e3o sobre os olhos&nbsp;tamb\u00e9m estiver comprometida. Pode-se tamb\u00e9m associar a&nbsp;lipoaspira\u00e7\u00e3o&nbsp;da gordura retida na regi\u00e3o abaixo do queixo. Na maioria dos casos, a ritidoplastia tem efeitos psicol\u00f3gicos bastante positivos sobre o paciente, devolvendo-lhe a auto-estima e uma apar\u00eancia mais jovial.<\/p>\n\n\n\n<p>Uma outra modalidade do Lifitng Facial, al\u00e9m do Mini-lifting, \u00e9 o Videoendosc\u00f3pico, com incis\u00f5es bem menores. Desenvolvido na \u00faltima d\u00e9cada, constitui uma potente t\u00e9cnica dentro do arsenal para tratar o ter\u00e7o superior (testa) e o ter\u00e7o m\u00e9dio da face.<\/p>\n\n\n\n<p>Apresenta um tempo de cirurgia menor do que o lifting convencional, com incis\u00f5es menores e menos sangramento operat\u00f3rio. Por estes fatores apresenta um tempo de recupera\u00e7\u00e3o menor, com menos edema, menos equimoses e retorno mais r\u00e1pido ao trabalho.<\/p>\n\n\n\n<p>Se bem feito apresenta vetores de tra\u00e7\u00e3o mais naturais do que as antigas t\u00e9cnicas, evitando assim resultados artificiais e tra\u00e7\u00f5es exageradas usadas antigamente.<\/p>\n\n\n\n<p>O lifting moderno \u00e9 aquele que n\u00e3o deixa nenhum estigma na face, ou seja, oferece um resultado de rejuvenescimento sem dizer que aquele rosto foi submetido a uma cirurgia pl\u00e1stica.<\/p>\n\n\n\n<p>Algumas pacientes n\u00e3o t\u00eam indica\u00e7\u00e3o, no momento da consulta, de uma ritidoplastia completa. Os sinais iniciais, mais superficiais, de envelhecimento podem ser combatidos atrav\u00e9s de outras formas como&nbsp;Botox,&nbsp;peelings, e preenchimentos. Existe tamb\u00e9m uma forma menos extensa de cirurgia chamada de mini-lifting.<\/p>\n\n\n\n<h2 class=\"wp-block-heading\">Indica\u00e7\u00f5es da cirurgia de lifting ou mini-lifting facial<\/h2>\n\n\n\n<p>A ritidoplastia melhora o aspecto da flacidez, rugas, sulcos, etc., proporcionando assim um rejuvenescimento do rosto e pesco\u00e7o. As cicatrizes s\u00e3o praticamente invis\u00edveis, pois s\u00e3o dissimuladas na regi\u00e3o temporal, pr\u00e9-auricular e por tr\u00e1s da orelha.<\/p>\n\n\n\n<h2 class=\"wp-block-heading\">Tempo de Interna\u00e7\u00e3o<\/h2>\n\n\n\n<p>De acordo com a necessidade, sempre levando em conta a seguran\u00e7a do paciente. Geralmente \u00e9 de 24 a 48h.<\/p>\n\n\n\n<h2 class=\"wp-block-heading\">P\u00f3s-operat\u00f3rio<\/h2>\n\n\n\n<p>Curativo compressivo e dreno s\u00e3o retirados em 24 horas. \u00c9 comum a ocorr\u00eancia de edema (incha\u00e7o) e equimose (roxid\u00e3o), os quais regridem em duas ou tr\u00eas semanas.<\/p>\n\n\n\n<p>A recupera\u00e7\u00e3o \u00e9 indolor, j\u00e1 que ocorre uma sensibilidade reduzida da \u00e1rea operada por um curto per\u00edodo de tempo. A sensibilidade normal retorna ap\u00f3s algumas semanas.<\/p>\n\n\n\n<p>Se bem feita, a ritidoplastia oferece resultados muito duradouros. \u00c9 preciso estar ciente, por\u00e9m, de que a pl\u00e1stica pode retardar o processo de envelhecimento, mas n\u00e3o o interrompe. Cabe ao cirurgi\u00e3o orientar e indicar um bom dermatologista para preservar ao m\u00e1ximo os resultados obtidos.<\/p>\n\n\n\n<h2 class=\"wp-block-heading\">Fotos antes e depois de Lifting Facial (ritidoplastia)<\/h2>\n\n\n\n<p>Sobre a cirurgia pl\u00e1stica de Lifting Facial, ser\u00e3o disponibilizadas v\u00e1rias&nbsp;<strong>fotos de antes e depois<\/strong>&nbsp;na consulta inicial com o Dr. Alexandre Char\u00e3o para que a paciente possa avaliar a qualidade dos resultados.<\/p>\n\n\n\n<h2 class=\"wp-block-heading\">Quanto custa a cirurgia pl\u00e1stica de rosto<\/h2>\n\n\n\n<p>Quanto aos&nbsp;<strong>pre\u00e7os e valores da cirurgia de Ritidoplastia (Lifting)<\/strong>, o CRM pro\u00edbe a publica\u00e7\u00e3o on-line.<\/p>\n\n\n\n<p>Devido \u00e0 esta restri\u00e7\u00e3o, o custo exato da cirurgia ser\u00e1 informado pelo Dr. Alexandre Char\u00e3o somente na consulta inicial que acontecer\u00e1 em sua cl\u00ednica de cirurgia pl\u00e1stica no Rio de Janeiro (RJ).<\/p>\n\n\n\n<h2 class=\"wp-block-heading\"><strong>Cl\u00ednicas de cirurgia pl\u00e1stica Rio de Janeiro \u2013 RJ<\/strong><\/h2>\n\n\n\n<p>Com sede para realiza\u00e7\u00e3o de cirurgias pl\u00e1sticas no Rio de Janeiro (RJ), o Dr. Alexandre Char\u00e3o atende pacientes de diferentes idades, entre homens e mulheres.<\/p>\n\n\n\n<p>Agende sua consulta e\/ou fa\u00e7a uma visita a uma de nossas sedes. Estamos de portas abertas para receb\u00ea-lo de maneira humanizada e atenciosa.<\/p>\n\n\n\n<figure class=\"wp-block-image size-full\"><a href=\"https:\/\/api.whatsapp.com\/send?phone=5521968434597&amp;text=Ol%C3%A1%20Dr.%20Alexandre\" target=\"_blank\" rel=\"noreferrer noopener\"><img decoding=\"async\" src=\"https:\/\/plasticrio.com\/wp-content\/uploads\/2024\/02\/agendar-consulta.webp\" alt=\"\" class=\"wp-image-381\"\/><\/a><\/figure>\n\n\n\n<p><strong>Dr. Alexandre Char\u00e3o atende na cidade do Rio de Janeiro e Petr\u00f3polis.<\/strong><br>Para maiores informa\u00e7\u00f5es,&nbsp;<a href=\"https:\/\/api.whatsapp.com\/send?phone=5521968434597&amp;text=Ol%C3%A1%20Dr.%20Alexandre\"><strong>entre em contato.<\/strong><\/a><\/p>","protected":false},"excerpt":{"rendered":"<p>O&nbsp;lifting facial, tamb\u00e9m chamado de&nbsp;ritidoplastia, \u00e9 uma das formas de combater a flacidez, rugas e sulcos, dando assim uma apar\u00eancia mais jovem e suavizando os efeitos do envelhecimento&nbsp;sobre a pele. Os resultados s\u00e3o muito recompensadores pois retiram excessos e reposicionam tecidos, devolvendo assim o brilho e a elasticidade naturais da pele. Tais resultados n\u00e3o s\u00e3o [&hellip;]<\/p>\n","protected":false},"author":3,"featured_media":0,"comment_status":"open","ping_status":"open","sticky":false,"template":"","format":"standard","meta":{"footnotes":""},"categories":[1],"tags":[],"class_list":["post-436","post","type-post","status-publish","format-standard","hentry","category-uncategorized"],"_links":{"self":[{"href":"https:\/\/plasticrio.com\/en_us\/wp-json\/wp\/v2\/posts\/436","targetHints":{"allow":["GET"]}}],"collection":[{"href":"https:\/\/plasticrio.com\/en_us\/wp-json\/wp\/v2\/posts"}],"about":[{"href":"https:\/\/plasticrio.com\/en_us\/wp-json\/wp\/v2\/types\/post"}],"author":[{"embeddable":true,"href":"https:\/\/plasticrio.com\/en_us\/wp-json\/wp\/v2\/users\/3"}],"replies":[{"embeddable":true,"href":"https:\/\/plasticrio.com\/en_us\/wp-json\/wp\/v2\/comments?post=436"}],"version-history":[{"count":1,"href":"https:\/\/plasticrio.com\/en_us\/wp-json\/wp\/v2\/posts\/436\/revisions"}],"predecessor-version":[{"id":437,"href":"https:\/\/plasticrio.com\/en_us\/wp-json\/wp\/v2\/posts\/436\/revisions\/437"}],"wp:attachment":[{"href":"https:\/\/plasticrio.com\/en_us\/wp-json\/wp\/v2\/media?parent=436"}],"wp:term":[{"taxonomy":"category","embeddable":true,"href":"https:\/\/plasticrio.com\/en_us\/wp-json\/wp\/v2\/categories?post=436"},{"taxonomy":"post_tag","embeddable":true,"href":"https:\/\/plasticrio.com\/en_us\/wp-json\/wp\/v2\/tags?post=436"}],"curies":[{"name":"wp","href":"https:\/\/api.w.org\/{rel}","templated":true}]}}