{"id":432,"date":"2025-07-11T18:30:52","date_gmt":"2025-07-11T18:30:52","guid":{"rendered":"https:\/\/plasticrio.com\/?p=432"},"modified":"2025-07-30T20:48:57","modified_gmt":"2025-07-30T20:48:57","slug":"otoplastia-no-rio-de-janeiro","status":"publish","type":"post","link":"https:\/\/plasticrio.com\/en_us\/otoplastia-no-rio-de-janeiro\/","title":{"rendered":"Otoplasty in Rio de Janeiro"},"content":{"rendered":"<p>A&nbsp;<strong>otoplastia \u00e9 o nome da cirurgia pl\u00e1stica<\/strong>&nbsp;para&nbsp;<strong>corre\u00e7\u00e3o da orelha em abano<\/strong>. Ela tem por objetivo corrigir orelhas por demais proeminentes que podem causar desconforto n\u00e3o s\u00f3 est\u00e9tico como psicol\u00f3gico devido a frequentes coment\u00e1rios desagrad\u00e1veis, tanto em&nbsp;crian\u00e7as quanto em adultos.<\/p>\n\n\n\n<figure class=\"wp-block-image size-full\"><img decoding=\"async\" src=\"https:\/\/plasticrio.com\/wp-content\/uploads\/2024\/02\/otoplastia-antes-e-depois-768x384-1.webp\" alt=\"\" class=\"wp-image-494\"\/><\/figure>\n\n\n\n<h2 class=\"wp-block-heading\"><strong>TR\u00caS CARACTER\u00cdSTICAS DA ORELHA EM ABANO<\/strong><\/h2>\n\n\n\n<p>A cirurgia pl\u00e1stica corrige tr\u00eas defeitos b\u00e1sicos da orelha de abano:<\/p>\n\n\n\n<ol class=\"wp-block-list\">\n<li>\u00e2ngulo demasiadamente aberto<\/li>\n\n\n\n<li>aus\u00eancia de curvas internas<\/li>\n\n\n\n<li>tamanho exagerado da concha auricular.<\/li>\n<\/ol>\n\n\n\n<p>Na grande maioria dos casos a queixa \u00e9 completa, ou seja, todas estas caracter\u00edsticas est\u00e3o presentes, mas em poucos casos ocorre uma forma parcial, que demanda uma cirurgia menor.<\/p>\n\n\n\n<h2 class=\"wp-block-heading\"><strong>COMO \u00c9 FEITA A CIRURGIA DE OTOPLASTIA?<\/strong><\/h2>\n\n\n\n<p>Podem ser submetidas a esta cirurgia crian\u00e7as a partir de 6 anos ou&nbsp;adultos. A anestesia para as crian\u00e7as \u00e9 a geral, enquanto adolescentes e adultos costumam faz\u00ea-la sob anestesia local e seda\u00e7\u00e3o. Toda a opera\u00e7\u00e3o \u00e9 feita pela regi\u00e3o posterior da orelha, de maneira a esconder a cicatriz na parte de tr\u00e1s, n\u00e3o vis\u00edvel.<\/p>\n\n\n\n<h2 class=\"wp-block-heading\"><strong>COMO S\u00c3O OS RESULTADOS DA CIRURGIA DE ORELHAS?<\/strong><\/h2>\n\n\n\n<p>Essa cirurgia oferece um melhor posicionamento nos casos de orelha de abano, aproximando a cartilagem auricular ao cr\u00e2nio de forma natural. N\u00e3o s\u00e3o aceitos hoje em dia resultados artificiais, orelhas por demais coladas ou at\u00e9 dobradas para tr\u00e1s, que deixam um estigma, uma evid\u00eancia de que foi operada.<\/p>\n\n\n\n<p>\u00c9 importante frisar que podem existir eventuais assimetrias antes da cirurgia e que por mais que se tente deix\u00e1-las completamente sim\u00e9tricas pode haver a perman\u00eancia de uma pequena diferen\u00e7a, quase impercept\u00edvel.<\/p>\n\n\n\n<p>O curativo inicial costuma ser maior, \u00e0s vezes enfaixando a cabe\u00e7a. Tal curativo \u00e9 chamado de capacete e permanece por poucos dias, sendo aberto e refeito frequentemente. Depois de algum tempo substitui-se o \u201ccapacete\u201d por um curativo menor, usualmente gazes cobertas por uma faixa de tenista. Os pontos s\u00e3o retirados em 10 dias. Em crian\u00e7as \u00e9 comum o Dr. Alexandre usar pontos que caem sozinhos, para evitar o medo que as crian\u00e7as tem de retirar os pontos.<\/p>\n\n\n\n<h2 class=\"wp-block-heading\"><strong>FOTOS DE ANTES E DEPOIS DE OTOPLASTIA<\/strong><\/h2>\n\n\n\n<p>Sobre a cirurgia pl\u00e1stica para corre\u00e7\u00e3o de orelha de abano, ser\u00e3o disponibilizadas&nbsp;<strong>v\u00e1rias fotos de antes e depois na&nbsp;<\/strong>consulta inicial&nbsp;com o&nbsp;Dr. Alexandre Char\u00e3o, para que a paciente possa avaliar a qualidade dos resultados.<\/p>\n\n\n\n<h2 class=\"wp-block-heading\"><strong>QUANTO CUSTA UMA CIRURGIA?<\/strong><\/h2>\n\n\n\n<p>Quanto aos pre\u00e7os e valores da cirurgia para otoplastia, o CRM pro\u00edbe a publica\u00e7\u00e3o on-line.<\/p>\n\n\n\n<p>Devido \u00e0 esta restri\u00e7\u00e3o, o custo exato da cirurgia ser\u00e1 informado pelo Dr. Alexandre Char\u00e3o somente na consulta inicial que acontecer\u00e1 em sua cl\u00ednica de cirurgia pl\u00e1stica no Rio de Janeiro (RJ).<\/p>\n\n\n\n<p>Esta consulta dura em torno de 1 hora ou mais conforme a complexidade e necessidades que o caso tiver. Lembrando que com rela\u00e7\u00e3o aos valores, a cirurgia pode ser parcelada, t\u00f3pico tamb\u00e9m conversado em consulta.<\/p>\n\n\n\n<h2 class=\"wp-block-heading\"><strong>Cl\u00ednica de cirurgia pl\u00e1stica RJ<\/strong><\/h2>\n\n\n\n<p>Com sede para realiza\u00e7\u00e3o de cirurgias pl\u00e1sticas no Rio de Janeiro (RJ), o Dr. Alexandre Char\u00e3o atende pacientes de diferentes idades de ambos os sexos.<\/p>\n\n\n\n<p>Agende sua consulta e\/ou fa\u00e7a uma visita a uma de nossas sedes. Estamos sempre de portas e mente aberta para receber seu problema\/inc\u00f4modo e buscar a melhor solu\u00e7\u00e3o.<\/p>\n\n\n\n<figure class=\"wp-block-image size-full\"><a href=\"https:\/\/api.whatsapp.com\/send?phone=5521968434597&amp;text=Ol%C3%A1%20Dr.%20Alexandre\" target=\"_blank\" rel=\"noreferrer noopener\"><img decoding=\"async\" src=\"https:\/\/plasticrio.com\/wp-content\/uploads\/2024\/02\/agendar-consulta.webp\" alt=\"\" class=\"wp-image-381\"\/><\/a><\/figure>\n\n\n\n<p><strong>Dr. Alexandre Char\u00e3o atende na cidade do Rio de Janeiro e Petr\u00f3polis.<\/strong><br>Para maiores informa\u00e7\u00f5es,&nbsp;<a href=\"https:\/\/api.whatsapp.com\/send?phone=5521968434597&amp;text=Ol%C3%A1%20Dr.%20Alexandre\"><strong>entre em contato.<\/strong><\/a><\/p>","protected":false},"excerpt":{"rendered":"<p>A&nbsp;otoplastia \u00e9 o nome da cirurgia pl\u00e1stica&nbsp;para&nbsp;corre\u00e7\u00e3o da orelha em abano. Ela tem por objetivo corrigir orelhas por demais proeminentes que podem causar desconforto n\u00e3o s\u00f3 est\u00e9tico como psicol\u00f3gico devido a frequentes coment\u00e1rios desagrad\u00e1veis, tanto em&nbsp;crian\u00e7as quanto em adultos. TR\u00caS CARACTER\u00cdSTICAS DA ORELHA EM ABANO A cirurgia pl\u00e1stica corrige tr\u00eas defeitos b\u00e1sicos da orelha de [&hellip;]<\/p>\n","protected":false},"author":3,"featured_media":0,"comment_status":"open","ping_status":"open","sticky":false,"template":"","format":"standard","meta":{"footnotes":""},"categories":[1],"tags":[],"class_list":["post-432","post","type-post","status-publish","format-standard","hentry","category-uncategorized"],"_links":{"self":[{"href":"https:\/\/plasticrio.com\/en_us\/wp-json\/wp\/v2\/posts\/432","targetHints":{"allow":["GET"]}}],"collection":[{"href":"https:\/\/plasticrio.com\/en_us\/wp-json\/wp\/v2\/posts"}],"about":[{"href":"https:\/\/plasticrio.com\/en_us\/wp-json\/wp\/v2\/types\/post"}],"author":[{"embeddable":true,"href":"https:\/\/plasticrio.com\/en_us\/wp-json\/wp\/v2\/users\/3"}],"replies":[{"embeddable":true,"href":"https:\/\/plasticrio.com\/en_us\/wp-json\/wp\/v2\/comments?post=432"}],"version-history":[{"count":1,"href":"https:\/\/plasticrio.com\/en_us\/wp-json\/wp\/v2\/posts\/432\/revisions"}],"predecessor-version":[{"id":433,"href":"https:\/\/plasticrio.com\/en_us\/wp-json\/wp\/v2\/posts\/432\/revisions\/433"}],"wp:attachment":[{"href":"https:\/\/plasticrio.com\/en_us\/wp-json\/wp\/v2\/media?parent=432"}],"wp:term":[{"taxonomy":"category","embeddable":true,"href":"https:\/\/plasticrio.com\/en_us\/wp-json\/wp\/v2\/categories?post=432"},{"taxonomy":"post_tag","embeddable":true,"href":"https:\/\/plasticrio.com\/en_us\/wp-json\/wp\/v2\/tags?post=432"}],"curies":[{"name":"wp","href":"https:\/\/api.w.org\/{rel}","templated":true}]}}