{"id":411,"date":"2025-07-11T18:23:13","date_gmt":"2025-07-11T18:23:13","guid":{"rendered":"https:\/\/plasticrio.com\/?p=411"},"modified":"2025-07-30T20:49:48","modified_gmt":"2025-07-30T20:49:48","slug":"protese-via-axilar-no-rio-de-janeiro-2","status":"publish","type":"post","link":"https:\/\/plasticrio.com\/en_us\/protese-via-axilar-no-rio-de-janeiro-2\/","title":{"rendered":"Axillary Prosthesis in Rio de Janeiro"},"content":{"rendered":"<p>A&nbsp;<strong>cirurgia pl\u00e1stica de mama via&nbsp;pr\u00f3tese axilar<\/strong>&nbsp;\u00e9 indicada em&nbsp;pacientes com&nbsp;uma&nbsp;<strong>ar\u00e9ola muito pequena<\/strong>&nbsp;(di\u00e2metro menor do que 4 cm) e que n\u00e3o querem utilizar a via de acesso pelo&nbsp;<strong>sulco inframam\u00e1rio<\/strong>.<\/p>\n\n\n\n<p>Ao optar pela cirurgia pl\u00e1stica via axilar, a paciente evita qualquer cicatriz na mama. A incis\u00e3o \u00e9 feita na axila, na parte mais anterior desta, para permitir a confec\u00e7\u00e3o do espa\u00e7o para a futura pr\u00f3tese.<\/p>\n\n\n\n<p>A exemplo da via periareolar e da inframam\u00e1ria, a pr\u00f3tese poder\u00e1 ser colocada nos seguintes planos:<\/p>\n\n\n\n<ol class=\"wp-block-list\">\n<li>abaixo da gl\u00e2ndula mam\u00e1ria (<strong>subglandular<\/strong>)<\/li>\n\n\n\n<li>abaixo da f\u00e1scia do m\u00fasculo peitoral (<strong>subfascial<\/strong>)<\/li>\n\n\n\n<li>abaixo do m\u00fasculo em si (<strong>submuscular<\/strong>&nbsp;ou&nbsp;<strong>retropeitoral<\/strong>)<\/li>\n<\/ol>\n\n\n\n<h2 class=\"wp-block-heading\">V\u00eddeo contendo dicas sobre a Pr\u00f3tese via axilar no Rio de Janeiro<\/h2>\n\n\n\n<figure class=\"wp-block-embed is-type-video is-provider-youtube wp-block-embed-youtube wp-embed-aspect-16-9 wp-has-aspect-ratio\"><div class=\"wp-block-embed__wrapper\">\n<iframe title=\"Aumento dos Seios com implante de silicone no Rio de Janeiro I Cirurgi\u00e3o Alexandre Char\u00e3o RJ\" width=\"800\" height=\"450\" src=\"https:\/\/www.youtube.com\/embed\/mRnOQDEjU-c?feature=oembed\" frameborder=\"0\" allow=\"accelerometer; autoplay; clipboard-write; encrypted-media; gyroscope; picture-in-picture; web-share\" referrerpolicy=\"strict-origin-when-cross-origin\" allowfullscreen><\/iframe>\n<\/div><\/figure>\n\n\n\n<p>Em rela\u00e7\u00e3o ao formato e volumes das pr\u00f3teses pela via axilar, praticamente n\u00e3o h\u00e1 diferen\u00e7as com a via areolar.<\/p>\n\n\n\n<p>Eventualmente volumes muito grandes (&gt;400ml) poderiam ser dif\u00edceis de passar pela incis\u00e3o (tanto areolar quanto axilar) e poderia ser indicada a incis\u00e3o inframam\u00e1ria. De novo, cada caso \u00e9 diferente, uma ar\u00e9ola grande at\u00e9 poderia permitir a passagem de tais volumes. Um exame f\u00edsico detalhado e uma&nbsp;consulta&nbsp;bastante explicativa s\u00e3o fundamentais para esclarecer todos os detalhes e se chegar a um consenso com a paciente sobre volume, via e plano a serem utilizados.<\/p>\n\n\n\n<h2 class=\"wp-block-heading\">Vantagens e desvantagens de cada plano:<\/h2>\n\n\n\n<h3 class=\"wp-block-heading\"><strong>Op\u00e7\u00e3o 1 \u2013 Plano subglandular<\/strong><\/h3>\n\n\n\n<p>\u00c9 o mais utilizado por ser o mais f\u00e1cil de descolar e por permitir uma boa hemostasia durante a cirurgia (controle do sangramento). A dor e desconforto no p\u00f3s-operat\u00f3rio s\u00e3o m\u00ednimos e duram poucos dias.<\/p>\n\n\n\n<p>A&nbsp;<strong>desvantagem do plano subglandular<\/strong>&nbsp;\u00e9 que nas&nbsp;paciente muito magras e sem nenhum tecido mam\u00e1rio, a pr\u00f3tese poderia ficar muito vis\u00edvel. Al\u00e9m do resultado poder ficar artificial, existe sempre a possibilidade de se formarem pequenas dobras (rippling). Quando h\u00e1 tecido mam\u00e1rio suficiente, estas ondula\u00e7\u00f5es n\u00e3o aparecem, mas quando a paciente n\u00e3o tem nenhum volume mam\u00e1rio ou bem pouco, indica-se a coloca\u00e7\u00e3o no plano submuscular.<\/p>\n\n\n\n<h3 class=\"wp-block-heading\">Op\u00e7\u00e3o 2 \u2013 Plano submuscular<\/h3>\n\n\n\n<p>\u00c9 o mais utilizado depois do plano subglandular. As indica\u00e7\u00f5es para se colocar a pr\u00f3tese de mama neste plano s\u00e3o:<\/p>\n\n\n\n<ol class=\"wp-block-list\">\n<li>Paciente muito magras que precisam de uma barreira a mais entre a pele e o implante para que este n\u00e3o se torne vis\u00edvel<\/li>\n\n\n\n<li>Paciente que desenvolveram contratura capsular no plano subglandular e que precisam trocar de plano<\/li>\n\n\n\n<li>Pacientes com forte hist\u00f3ria de c\u00e2ncer de mama na fam\u00edlia (e tamb\u00e9m c\u00e2ncer de pr\u00f3stata em parentes homens, pois s\u00e3o relacionados) e que precisam de uma barreira entre a gl\u00e2ndula mam\u00e1ria e a pr\u00f3tese em si, pois eventuais punc\u00f5es para bi\u00f3psias podem ser indicadas<\/li>\n<\/ol>\n\n\n\n<p>A&nbsp;<strong>desvantagem do plano submuscular<\/strong>&nbsp;\u00e9 a dor ou desconforto no&nbsp;p\u00f3s-operat\u00f3rio. H\u00e1 uma necessidade maior de analg\u00e9sicos e as restri\u00e7\u00f5es como dirigir ou fazer exerc\u00edcios duram mais tempo.<\/p>\n\n\n\n<h2 class=\"wp-block-heading\">Op\u00e7\u00e3o 3 \u2013 Plano subfascial<\/h2>\n\n\n\n<p>Utiliza uma membrana que reveste o m\u00fasculo peitoral, chamada de f\u00e1scia peitoral, para \u201chospedar\u201d a futura pr\u00f3tese. O sangramento \u00e9 igual ao do plano subglandular por\u00e9m a dissec\u00e7\u00e3o desta f\u00e1scia \u00e9 mais dif\u00edcil, tornando a cirurgia um pouco mais demorada. Uma eventual vantagem deste plano seria um resultado mais duradouro, pois a ptose mam\u00e1ria (caimento) demoraria mais para acontecer, devido a hipot\u00e9tica sustenta\u00e7\u00e3o que a f\u00e1scia oferece.<\/p>\n\n\n\n<p>Em rela\u00e7\u00e3o \u00e0s pacientes muito magras e sem gl\u00e2ndula, a f\u00e1scia tamb\u00e9m ofereceria uma barreira a mais para evitar o aparecimento do rippling (ondula\u00e7\u00e3o). Na pr\u00e1tica esta t\u00e9cnica \u00e9 pouco utilizada pelos m\u00e9dicos no Brasil.<\/p>\n\n\n\n<p>\u00c9 importante citar que a via axilar pode ser utilizada com ou sem aux\u00edlio de aparelho de v\u00eddeo, ou seja, h\u00e1 m\u00e9dicos que fazem sob vis\u00e3o direta e outros que utilizam uma c\u00e2mera de v\u00eddeo e pin\u00e7as longas para preparar o plano de coloca\u00e7\u00e3o da pr\u00f3tese. N\u00e3o h\u00e1 diferen\u00e7as no resultado e h\u00e1 que se tomar cuidado com eventuais propagandas que citem \u201cpr\u00f3tese por v\u00eddeo\u201d como sendo um diferencial para se chegar a melhores resultados.<\/p>\n\n\n\n<h2 class=\"wp-block-heading\">Indica\u00e7\u00e3o do plano pelo Dr. Alexandre Char\u00e3o:<\/h2>\n\n\n\n<ol class=\"wp-block-list\">\n<li>pr\u00f3tese via inframam\u00e1ria no plano subglandular, indicada para a maioria das pacientes, pois muitas t\u00eam ar\u00e9ola &gt; 4cm e t\u00eam algum volume de gl\u00e2ndula mam\u00e1ria. A cicatriz \u00e9 quase impercept\u00edvel.<\/li>\n\n\n\n<li>pr\u00f3tese via axilar no plano subglandular, evitando assim a cicatriz no seios (apesar desta ficar muito apagada) e evitando a dor no p\u00f3s-operat\u00f3rio e permitindo um retorno mais r\u00e1pido \u00e0s atividades do dia-a-dia<\/li>\n\n\n\n<li>pr\u00f3tese via axilar no plano submuscular, especialmente em pacientes muito magras e com hist\u00f3ria de c\u00e2ncer de mama na fam\u00edla<\/li>\n\n\n\n<li>pr\u00f3tese via periareolar: a cicatriz \u00e9 muito fina, quase invis\u00edvel por\u00e9m a tend\u00eancia do Dr. Alexandre \u00e9 usar outras vias onde n\u00e3o haver\u00e1&nbsp;<strong>NENHUMA<\/strong>&nbsp;cicatriz nos seios<\/li>\n<\/ol>\n\n\n\n<p>Al\u00e9m destes crit\u00e9rios tamb\u00e9m podemos citar a prefer\u00eancia do cirurgi\u00e3o: alguns m\u00e9dicos t\u00eam a prefer\u00eancia por um certo plano e acabam escolhendo por estarem mais familiarizados e n\u00e3o por ser o mais indicado.<\/p>\n\n\n\n<p>Converse com o Dr. Alexandre, tire suas d\u00favidas e explique seus receios, ele vai avaliar qual a melhor via de acesso e o melhor plano e vai explicar o porque desta escolha. E se qualquer uma das vias for boa para o seu caso, ele far\u00e1 a que a paciente prefere.<\/p>\n\n\n\n<h2 class=\"wp-block-heading\">C\u00e2ncer de mama e implante de silicone:<\/h2>\n\n\n\n<p>Outros dois detalhes fundamentais s\u00e3o que pr\u00f3teses de mama N\u00c3O interferem na amamenta\u00e7\u00e3o, qualquer que seja o plano escolhido e que a via axilar N\u00c3O interfere no linfonodo sentinela. Este linfonodo N\u00c3O \u00e9 utilizado para detectar o c\u00e2ncer de mama e sim para avaliar a extens\u00e3o da doen\u00e7a em pacientes que j\u00e1 est\u00e3o com c\u00e2ncer de mama. Al\u00e9m disso j\u00e1 est\u00e1 mais do que comprovado de que a pr\u00f3tese via axilar n\u00e3o interfere nesta avalia\u00e7\u00e3o.<\/p>\n\n\n\n<p>\u00c9 importante ressaltar que a coloca\u00e7\u00e3o dos implantes de mama N\u00c3O altera a detec\u00e7\u00e3o do c\u00e2ncer de mama, pois durante a mamografia faz-se uma manobra para afastar ou recha\u00e7ar a pr\u00f3tese para fora da incid\u00eancia dos raios da Mamografia, ou seja, estes passam pela gl\u00e2ndula mam\u00e1ria sem passar pela pr\u00f3tese, detectando assim eventuais altera\u00e7\u00f5es benignas ou malignas.<\/p>\n\n\n\n<h2 class=\"wp-block-heading\">Qual anestesia \u00e9 indicada para cirurgia de Pr\u00f3tese de Mama?<\/h2>\n\n\n\n<p>A anestesia \u00e9 local com seda\u00e7\u00e3o, raramente peridural. N\u00e3o h\u00e1 necessidade de anestesia geral para este procedimento.<\/p>\n\n\n\n<h2 class=\"wp-block-heading\">Qual o tempo de interna\u00e7\u00e3o?<\/h2>\n\n\n\n<p>O tempo total de interna\u00e7\u00e3o \u00e9 de 8 horas. Gra\u00e7as aos recentes avan\u00e7os da Medicina e \u00e0 experi\u00eancia de 15 anos do Dr. Alexandre, \u00e9 perfeitamente vi\u00e1vel e seguro internar \u00e0s 7:00h da manh\u00e3, realizar a cirurgia entre 8:00h e 10:00h e receber alta \u00e0s 15h.<\/p>\n\n\n\n<p>Nas sedes do Rio de Janeiro (RJ) a cl\u00ednica de cirurgia pl\u00e1stica do Dr. Alexandre Char\u00e3o propicia aos pacientes toda a estrutura e conforto para realiza\u00e7\u00e3o tanto da pr\u00f3tese por via axilar quanto muitas outras.<\/p>\n\n\n\n<figure class=\"wp-block-image size-full\"><a href=\"https:\/\/api.whatsapp.com\/send?phone=5521968434597&amp;text=Ol%C3%A1%20Dr.%20Alexandre\" target=\"_blank\" rel=\"noreferrer noopener\"><img decoding=\"async\" src=\"https:\/\/plasticrio.com\/wp-content\/uploads\/2024\/02\/agendar-consulta.webp\" alt=\"\" class=\"wp-image-381\"\/><\/a><\/figure>\n\n\n\n<p><strong>Dr. Alexandre Char\u00e3o atende na cidade do Rio de Janeiro e Petr\u00f3polis.<\/strong><br>Para maiores informa\u00e7\u00f5es,&nbsp;<a href=\"https:\/\/api.whatsapp.com\/send?phone=5521968434597&amp;text=Ol%C3%A1%20Dr.%20Alexandre\"><strong>entre em contato.<\/strong><\/a><\/p>","protected":false},"excerpt":{"rendered":"<p>A&nbsp;cirurgia pl\u00e1stica de mama via&nbsp;pr\u00f3tese axilar&nbsp;\u00e9 indicada em&nbsp;pacientes com&nbsp;uma&nbsp;ar\u00e9ola muito pequena&nbsp;(di\u00e2metro menor do que 4 cm) e que n\u00e3o querem utilizar a via de acesso pelo&nbsp;sulco inframam\u00e1rio. Ao optar pela cirurgia pl\u00e1stica via axilar, a paciente evita qualquer cicatriz na mama. A incis\u00e3o \u00e9 feita na axila, na parte mais anterior desta, para permitir a [&hellip;]<\/p>\n","protected":false},"author":3,"featured_media":0,"comment_status":"open","ping_status":"open","sticky":false,"template":"","format":"standard","meta":{"footnotes":""},"categories":[1],"tags":[],"class_list":["post-411","post","type-post","status-publish","format-standard","hentry","category-uncategorized"],"_links":{"self":[{"href":"https:\/\/plasticrio.com\/en_us\/wp-json\/wp\/v2\/posts\/411","targetHints":{"allow":["GET"]}}],"collection":[{"href":"https:\/\/plasticrio.com\/en_us\/wp-json\/wp\/v2\/posts"}],"about":[{"href":"https:\/\/plasticrio.com\/en_us\/wp-json\/wp\/v2\/types\/post"}],"author":[{"embeddable":true,"href":"https:\/\/plasticrio.com\/en_us\/wp-json\/wp\/v2\/users\/3"}],"replies":[{"embeddable":true,"href":"https:\/\/plasticrio.com\/en_us\/wp-json\/wp\/v2\/comments?post=411"}],"version-history":[{"count":1,"href":"https:\/\/plasticrio.com\/en_us\/wp-json\/wp\/v2\/posts\/411\/revisions"}],"predecessor-version":[{"id":412,"href":"https:\/\/plasticrio.com\/en_us\/wp-json\/wp\/v2\/posts\/411\/revisions\/412"}],"wp:attachment":[{"href":"https:\/\/plasticrio.com\/en_us\/wp-json\/wp\/v2\/media?parent=411"}],"wp:term":[{"taxonomy":"category","embeddable":true,"href":"https:\/\/plasticrio.com\/en_us\/wp-json\/wp\/v2\/categories?post=411"},{"taxonomy":"post_tag","embeddable":true,"href":"https:\/\/plasticrio.com\/en_us\/wp-json\/wp\/v2\/tags?post=411"}],"curies":[{"name":"wp","href":"https:\/\/api.w.org\/{rel}","templated":true}]}}